{"id":48184,"date":"2026-05-01T17:19:05","date_gmt":"2026-05-01T22:19:05","guid":{"rendered":"https:\/\/www.mmaaldia.com\/?p=48184"},"modified":"2026-05-01T17:19:08","modified_gmt":"2026-05-01T22:19:08","slug":"charles-oliveira-firma-nuevo-contrato-ufc","status":"publish","type":"post","link":"https:\/\/www.mmaaldia.com\/es\/charles-oliveira-firma-nuevo-contrato-ufc\/","title":{"rendered":"Charles Oliveira firma nuevo largo contrato con UFC"},"content":{"rendered":"<p><strong><a href=\"\/es\/tag\/charles-oliveira\/\">Charles Oliveira<\/a><\/strong> pelear\u00e1 para <strong><a href=\"\/es\/tag\/ufc\/\">UFC<\/a><\/strong> durante al menos los pr\u00f3ximos cuatro a\u00f1os. <\/p>\n\n\n\n<p>El flamante campe\u00f3n de BMF rubric\u00f3 un nuevo contrato con la organizaci\u00f3n v\u00e1lido por ocho peleas. &#8220;<strong>Tenemos peleas alineadas hasta que Charles tenga 40 a\u00f1os de edad<\/strong>&#8220;, dijo su <em>head coach<\/em>, <strong>Diego Lima<\/strong>, a <strong><a href=\"https:\/\/agfight.com\/entrevistas\/contrato-renovado-treinador-revela-extensao-de-vinculo-entre-charles-do-bronx-e-ufc\/\" target=\"_blank\" rel=\"noopener\">AG Fight<\/a><\/strong>. &#8220;<strong>As\u00ed que las personas que andaban diciendo que ten\u00eda que retirarse tendr\u00e1n que esperar un poco m\u00e1s<\/strong>&#8220;.<\/p>\n\n\n\n<figure class=\"wp-block-image size-large\"><img data-recalc-dims=\"1\" fetchpriority=\"high\" decoding=\"async\" width=\"1024\" height=\"683\" src=\"https:\/\/i0.wp.com\/www.mmaaldia.com\/wp-content\/uploads\/2026\/03\/Charles-Oliveira.webp?resize=1024%2C683&#038;ssl=1\" alt=\"\" class=\"wp-image-45686\" title=\"\" srcset=\"https:\/\/i0.wp.com\/www.mmaaldia.com\/wp-content\/uploads\/2026\/03\/Charles-Oliveira.webp?resize=1024%2C683&amp;ssl=1 1024w, https:\/\/i0.wp.com\/www.mmaaldia.com\/wp-content\/uploads\/2026\/03\/Charles-Oliveira.webp?resize=300%2C200&amp;ssl=1 300w, https:\/\/i0.wp.com\/www.mmaaldia.com\/wp-content\/uploads\/2026\/03\/Charles-Oliveira.webp?resize=768%2C512&amp;ssl=1 768w, https:\/\/i0.wp.com\/www.mmaaldia.com\/wp-content\/uploads\/2026\/03\/Charles-Oliveira.webp?resize=18%2C12&amp;ssl=1 18w, https:\/\/i0.wp.com\/www.mmaaldia.com\/wp-content\/uploads\/2026\/03\/Charles-Oliveira.webp?resize=555%2C370&amp;ssl=1 555w, https:\/\/i0.wp.com\/www.mmaaldia.com\/wp-content\/uploads\/2026\/03\/Charles-Oliveira.webp?w=1200&amp;ssl=1 1200w\" sizes=\"(max-width: 1024px) 100vw, 1024px\" \/><figcaption class=\"wp-element-caption\">Charles Oliveira en el UFC 326. Zuffa, LLC.<\/figcaption><\/figure>\n\n\n\n<p>Oliveira, de 36 a\u00f1os, compite para UFC desde agosto de 2010. Durante todo ese tiempo ha coleccionado algunos r\u00e9cords, como el de m\u00e1s finalizaciones (21) en la historia de UFC y m\u00e1s sumisiones (17).<\/p>\n\n\n\n<p>Recientemente, &#8216;Do Bronx&#8217; venci\u00f3 por decisi\u00f3n un\u00e1nime a Max Holloway para hacerse del cintur\u00f3n de BMF y someti\u00f3 a <strong>Mateusz Gamrot<\/strong> en R\u00edo de Janeiro.<\/p>\n\n\n\n<p><br><a href=\"https:\/\/x.com\/MMAalDia\"><strong>\u00a1Recuerden seguir a MMA al D\u00eda en X!<\/strong><\/a><\/p>","protected":false},"excerpt":{"rendered":"<p>Charles Oliveira pelear\u00e1 para UFC durante al menos los pr\u00f3ximos cuatro a\u00f1os. El flamante campe\u00f3n de BMF rubric\u00f3 un nuevo contrato con la organizaci\u00f3n v\u00e1lido por ocho peleas. &#8220;Tenemos peleas alineadas hasta que Charles tenga 40 a\u00f1os de edad&#8220;, dijo su head coach, Diego Lima, a AG Fight. &#8220;As\u00ed que las personas que andaban diciendo [&hellip;]<\/p>\n","protected":false},"author":10,"featured_media":44002,"comment_status":"open","ping_status":"closed","sticky":false,"template":"","format":"standard","meta":{"_jetpack_memberships_contains_paid_content":false,"footnotes":"","jetpack_publicize_message":"","jetpack_publicize_feature_enabled":true,"jetpack_social_post_already_shared":true,"jetpack_social_options":{"image_generator_settings":{"template":"highway","default_image_id":0,"font":"","enabled":false},"version":2}},"categories":[296,2580,299,300,303],"tags":[352,332,3306,3313,434],"class_list":["post-48184","post","type-post","status-publish","format-standard","has-post-thumbnail","hentry","category-mma","category-noticia-destacada","category-noticias","category-noticias-de-mma","category-ufc","tag-charles-oliveira","tag-mma","tag-mma-en-espanol","tag-noticias-ufc","tag-ufc"],"jetpack_publicize_connections":[],"jetpack_featured_media_url":"https:\/\/i0.wp.com\/www.mmaaldia.com\/wp-content\/uploads\/2025\/10\/Charles-Oliveira-1.webp?fit=1200%2C800&ssl=1","jetpack_sharing_enabled":true,"_links":{"self":[{"href":"https:\/\/www.mmaaldia.com\/es\/wp-json\/wp\/v2\/posts\/48184","targetHints":{"allow":["GET"]}}],"collection":[{"href":"https:\/\/www.mmaaldia.com\/es\/wp-json\/wp\/v2\/posts"}],"about":[{"href":"https:\/\/www.mmaaldia.com\/es\/wp-json\/wp\/v2\/types\/post"}],"author":[{"embeddable":true,"href":"https:\/\/www.mmaaldia.com\/es\/wp-json\/wp\/v2\/users\/10"}],"replies":[{"embeddable":true,"href":"https:\/\/www.mmaaldia.com\/es\/wp-json\/wp\/v2\/comments?post=48184"}],"version-history":[{"count":1,"href":"https:\/\/www.mmaaldia.com\/es\/wp-json\/wp\/v2\/posts\/48184\/revisions"}],"predecessor-version":[{"id":48185,"href":"https:\/\/www.mmaaldia.com\/es\/wp-json\/wp\/v2\/posts\/48184\/revisions\/48185"}],"wp:featuredmedia":[{"embeddable":true,"href":"https:\/\/www.mmaaldia.com\/es\/wp-json\/wp\/v2\/media\/44002"}],"wp:attachment":[{"href":"https:\/\/www.mmaaldia.com\/es\/wp-json\/wp\/v2\/media?parent=48184"}],"wp:term":[{"taxonomy":"category","embeddable":true,"href":"https:\/\/www.mmaaldia.com\/es\/wp-json\/wp\/v2\/categories?post=48184"},{"taxonomy":"post_tag","embeddable":true,"href":"https:\/\/www.mmaaldia.com\/es\/wp-json\/wp\/v2\/tags?post=48184"}],"curies":[{"name":"wp","href":"https:\/\/api.w.org\/{rel}","templated":true}]}}