{"id":48170,"date":"2026-05-01T12:10:33","date_gmt":"2026-05-01T17:10:33","guid":{"rendered":"https:\/\/www.mmaaldia.com\/?p=48170"},"modified":"2026-05-01T12:10:37","modified_gmt":"2026-05-01T17:10:37","slug":"resultados-de-los-pesajes-del-ufc-perth-2","status":"publish","type":"post","link":"https:\/\/www.mmaaldia.com\/es\/resultados-de-los-pesajes-del-ufc-perth-2\/","title":{"rendered":"Resultados de los pesajes del UFC Perth: Della Maddalena y Prates en regla para pelea estelar"},"content":{"rendered":"<p><strong><a href=\"\/es\/tag\/jack-della-maddalena\/\">Jack Della Maddalena<\/a><\/strong> y <strong><a href=\"\/es\/tag\/carlos-prates\/\">Carlos Prates<\/a><\/strong> hicieron peso de campeonato para su pelea estelar en el <strong><a href=\"\/es\/tag\/ufc-perth\/\">UFC Perth<\/a><\/strong>.<\/p>\n\n\n\n<p>El excampe\u00f3n de la categor\u00eda se subir\u00e1 por primera vez al oct\u00e1gono luego de perder su cintur\u00f3n frente a <strong>Islam Makhachev<\/strong> en el <strong>UFC 322<\/strong>. El australiano tambi\u00e9n perdi\u00f3 su invicto en <strong><a href=\"\/es\/tag\/ufc\/\">UFC<\/a><\/strong> (8 &#8211; 1). <\/p>\n\n\n\n<figure class=\"wp-block-embed is-type-rich is-provider-twitter wp-block-embed-twitter\"><div class=\"wp-block-embed__wrapper\">\n<div class=\"embed-twitter\"><blockquote class=\"twitter-tweet\" data-width=\"550\" data-dnt=\"true\"><p lang=\"es\" dir=\"ltr\">Jack Della Maddalena, el orgullo de Perth, marca 170 libras \ud83c\udde6\ud83c\uddfa El evento estelar de <a href=\"https:\/\/twitter.com\/hashtag\/UFCPerth?src=hash&amp;ref_src=twsrc%5Etfw\" target=\"_blank\" rel=\"noopener\">#UFCPerth<\/a> ya es oficial \ud83d\udd25<br><br>ESTELARES 7am ET \ud83c\uddfa\ud83c\uddf8 \/ 5am \ud83c\uddf2\ud83c\uddfd \/ 8am \ud83c\udde6\ud83c\uddf7 \/ 1pm \ud83c\uddea\ud83c\uddf8\u2063\u2063\u2063\u2063\u2063\u2063<br>PRELIMINARES 4am ET \ud83c\uddfa\ud83c\uddf8 \/ 2am \ud83c\uddf2\ud83c\uddfd \/ 5am \ud83c\udde6\ud83c\uddf7 \/ 10am \ud83c\uddea\ud83c\uddf8\u2063\u2063<a href=\"https:\/\/twitter.com\/WestAustralia?ref_src=twsrc%5Etfw\" target=\"_blank\" rel=\"noopener\">@WestAustralia<\/a> | <a href=\"https:\/\/twitter.com\/hashtag\/WAtheDreamState?src=hash&amp;ref_src=twsrc%5Etfw\" target=\"_blank\" rel=\"noopener\">#WAtheDreamState<\/a> | S\u00e1b 2 de mayo |\u2026 <a href=\"https:\/\/t.co\/OIBpdTcfaS\">pic.twitter.com\/OIBpdTcfaS<\/a><\/p>&mdash; UFC Espa\u00f1ol (@UFCEspanol) <a href=\"https:\/\/twitter.com\/UFCEspanol\/status\/2050131497831809241?ref_src=twsrc%5Etfw\" target=\"_blank\" rel=\"noopener\">May 1, 2026<\/a><\/blockquote><script async src=\"https:\/\/platform.twitter.com\/widgets.js\" charset=\"utf-8\"><\/script><\/div>\n<\/div><\/figure>\n\n\n\n<p>Prates ascendi\u00f3 hasta el top 5 del ranking con un brutal nocaut sobre <strong>Leon Edwards<\/strong> en noviembre. Ha logrado sus seis victorias promocionales por la v\u00eda del nocaut. <\/p>\n\n\n\n<figure class=\"wp-block-embed is-type-rich is-provider-twitter wp-block-embed-twitter\"><div class=\"wp-block-embed__wrapper\">\n<div class=\"embed-twitter\"><blockquote class=\"twitter-tweet\" data-width=\"550\" data-dnt=\"true\"><p lang=\"es\" dir=\"ltr\">El brasile\u00f1o <a href=\"https:\/\/twitter.com\/thenightmare170?ref_src=twsrc%5Etfw\" target=\"_blank\" rel=\"noopener\">@thenightmare170<\/a> marca 170 libras en la b\u00e1scula \ud83d\udcaa\ud83c\udde7\ud83c\uddf7<br><br>ESTELARES 7am ET \ud83c\uddfa\ud83c\uddf8 \/ 5am \ud83c\uddf2\ud83c\uddfd \/ 8am \ud83c\udde6\ud83c\uddf7 \/ 1pm \ud83c\uddea\ud83c\uddf8\u2063\u2063\u2063\u2063\u2063<br>PRELIMINARES 4am ET \ud83c\uddfa\ud83c\uddf8 \/ 2am \ud83c\uddf2\ud83c\uddfd \/ 5am \ud83c\udde6\ud83c\uddf7 \/ 10am \ud83c\uddea\ud83c\uddf8<a href=\"https:\/\/twitter.com\/hashtag\/UFCPerth?src=hash&amp;ref_src=twsrc%5Etfw\" target=\"_blank\" rel=\"noopener\">#UFCPerth<\/a> | <a href=\"https:\/\/twitter.com\/WestAustralia?ref_src=twsrc%5Etfw\" target=\"_blank\" rel=\"noopener\">@WestAustralia<\/a> | <a href=\"https:\/\/twitter.com\/hashtag\/WAtheDreamState?src=hash&amp;ref_src=twsrc%5Etfw\" target=\"_blank\" rel=\"noopener\">#WAtheDreamState<\/a> | S\u00e1b 2 de mayo | En vivo por <a href=\"https:\/\/twitter.com\/PPlusDeportes?ref_src=twsrc%5Etfw\" target=\"_blank\" rel=\"noopener\">@pplusdeportes<\/a> <a href=\"https:\/\/t.co\/sva3X30ZmZ\">pic.twitter.com\/sva3X30ZmZ<\/a><\/p>&mdash; UFC Espa\u00f1ol (@UFCEspanol) <a href=\"https:\/\/twitter.com\/UFCEspanol\/status\/2050108791916794342?ref_src=twsrc%5Etfw\" target=\"_blank\" rel=\"noopener\">May 1, 2026<\/a><\/blockquote><script async src=\"https:\/\/platform.twitter.com\/widgets.js\" charset=\"utf-8\"><\/script><\/div>\n<\/div><\/figure>\n\n\n\n<p><em>Main Card<\/em><\/p>\n\n\n\n<ul class=\"wp-block-list\">\n<li>Jack Della Maddalena (170 libras) vs. Carlos Prates (170 libras)<\/li>\n\n\n\n<li><strong>Beneil Dariush<\/strong> (156 libras) vs. <strong>Quinlan Salkilld<\/strong> (156 libras)<\/li>\n\n\n\n<li><strong>Tim Elliott<\/strong> (126 libras) vs. <strong>Steve Erceg<\/strong> (125.5 libras)<\/li>\n\n\n\n<li><strong>Marwan Rahiki<\/strong> (146 libras) vs. <strong>Ollie Schmid<\/strong> (145.5 libras)<\/li>\n\n\n\n<li><strong>Shamil Gaziev<\/strong> (264 libras) vs. <strong>Brandon Pericic<\/strong> (265 libras)<\/li>\n\n\n\n<li><strong>Tai Tuivasa<\/strong> (265 libras) vs. <strong>Louie Sutherland<\/strong> (261 libras)<\/li>\n<\/ul>\n\n\n\n<p>Preliminares<\/p>\n\n\n\n<ul class=\"wp-block-list\">\n<li><strong>Cam Roston<\/strong> (185 libras) vs. <strong>Robert Bryczek<\/strong> (186 libras)<\/li>\n\n\n\n<li><strong>Junior Tafa<\/strong> (205.5 libras) vs. <strong>Kevin Christian<\/strong> (204 libras)<\/li>\n\n\n\n<li><strong>Jacob Malkoun<\/strong> (186 libras) vs. <strong>Gerald Meerschaert<\/strong> (190 libras)*<\/li>\n\n\n\n<li><strong>Colby Thicknesse<\/strong> (135 libras) vs. <strong>Vince Morales<\/strong> (136 libras)<\/li>\n\n\n\n<li><strong>Wes Schultz<\/strong> (186 libras) vs. <strong>Ben Johnston<\/strong> (185.5 libras)<\/li>\n\n\n\n<li><strong>Jonathan Micallef<\/strong> (170 libras) vs. <strong>Themba Gorimbo<\/strong> (171 libras)<\/li>\n\n\n\n<li><strong>Kody Steele<\/strong> (156 libras) vs. <strong>Dom Mar Fan<\/strong> (155.5 libras)<\/li>\n<\/ul>\n\n\n\n<p>El UFC Perth se celebra desde la RAC Arena.<\/p>\n\n\n\n<p><br><a href=\"https:\/\/x.com\/MMAalDia\"><strong>\u00a1Recuerden seguir a MMA al D\u00eda en X!<\/strong><\/a><\/p>","protected":false},"excerpt":{"rendered":"<p>Jack Della Maddalena y Carlos Prates hicieron peso de campeonato para su pelea estelar en el UFC Perth. El excampe\u00f3n de la categor\u00eda se subir\u00e1 por primera vez al oct\u00e1gono luego de perder su cintur\u00f3n frente a Islam Makhachev en el UFC 322. El australiano tambi\u00e9n perdi\u00f3 su invicto en UFC (8 &#8211; 1). Prates [&hellip;]<\/p>\n","protected":false},"author":10,"featured_media":48171,"comment_status":"open","ping_status":"closed","sticky":false,"template":"","format":"standard","meta":{"_jetpack_memberships_contains_paid_content":false,"footnotes":"","jetpack_publicize_message":"","jetpack_publicize_feature_enabled":true,"jetpack_social_post_already_shared":true,"jetpack_social_options":{"image_generator_settings":{"template":"highway","default_image_id":0,"font":"","enabled":false},"version":2}},"categories":[296,2580,299,300,303],"tags":[1141,332,3306,3313,381,434,3195],"class_list":["post-48170","post","type-post","status-publish","format-standard","has-post-thumbnail","hentry","category-mma","category-noticia-destacada","category-noticias","category-noticias-de-mma","category-ufc","tag-jack-della-maddalena","tag-mma","tag-mma-en-espanol","tag-noticias-ufc","tag-resultados","tag-ufc","tag-ufc-perth"],"jetpack_publicize_connections":[],"jetpack_featured_media_url":"https:\/\/i0.wp.com\/www.mmaaldia.com\/wp-content\/uploads\/2026\/05\/Jack-Della-Maddalena.webp?fit=1440%2C950&ssl=1","jetpack_sharing_enabled":true,"_links":{"self":[{"href":"https:\/\/www.mmaaldia.com\/es\/wp-json\/wp\/v2\/posts\/48170","targetHints":{"allow":["GET"]}}],"collection":[{"href":"https:\/\/www.mmaaldia.com\/es\/wp-json\/wp\/v2\/posts"}],"about":[{"href":"https:\/\/www.mmaaldia.com\/es\/wp-json\/wp\/v2\/types\/post"}],"author":[{"embeddable":true,"href":"https:\/\/www.mmaaldia.com\/es\/wp-json\/wp\/v2\/users\/10"}],"replies":[{"embeddable":true,"href":"https:\/\/www.mmaaldia.com\/es\/wp-json\/wp\/v2\/comments?post=48170"}],"version-history":[{"count":2,"href":"https:\/\/www.mmaaldia.com\/es\/wp-json\/wp\/v2\/posts\/48170\/revisions"}],"predecessor-version":[{"id":48173,"href":"https:\/\/www.mmaaldia.com\/es\/wp-json\/wp\/v2\/posts\/48170\/revisions\/48173"}],"wp:featuredmedia":[{"embeddable":true,"href":"https:\/\/www.mmaaldia.com\/es\/wp-json\/wp\/v2\/media\/48171"}],"wp:attachment":[{"href":"https:\/\/www.mmaaldia.com\/es\/wp-json\/wp\/v2\/media?parent=48170"}],"wp:term":[{"taxonomy":"category","embeddable":true,"href":"https:\/\/www.mmaaldia.com\/es\/wp-json\/wp\/v2\/categories?post=48170"},{"taxonomy":"post_tag","embeddable":true,"href":"https:\/\/www.mmaaldia.com\/es\/wp-json\/wp\/v2\/tags?post=48170"}],"curies":[{"name":"wp","href":"https:\/\/api.w.org\/{rel}","templated":true}]}}