{"id":48166,"date":"2026-04-30T20:47:10","date_gmt":"2026-05-01T01:47:10","guid":{"rendered":"https:\/\/www.mmaaldia.com\/?p=48166"},"modified":"2026-04-30T20:47:13","modified_gmt":"2026-05-01T01:47:13","slug":"johnny-walker-sube-a-los-pesos-completos","status":"publish","type":"post","link":"https:\/\/www.mmaaldia.com\/es\/johnny-walker-sube-a-los-pesos-completos\/","title":{"rendered":"Johnny Walker sube a la divisi\u00f3n de los Pesos Completos"},"content":{"rendered":"<p>Los d\u00edas de <strong><a href=\"\/es\/tag\/johnny-walker\/\">Johnny Walker<\/a><\/strong> (22 &#8211; 10 &#8211; 1 NC) en la divisi\u00f3n de 205 libras habr\u00edan llegado a su fin.<\/p>\n\n\n\n<p>Seg\u00fan ha podido conocer <strong><a href=\"https:\/\/www.mmamania.com\/ufc-fight-announcements\/440073\/johnny-walker-moves-to-heavyweight-set-to-collide-with-ante-delija-at-ufc-belgrade\" target=\"_blank\" rel=\"noopener\">MMA Mania<\/a><\/strong>, el brasile\u00f1o subir\u00e1 a los Pesos Completos para verse las caras con <strong><a href=\"\/es\/tag\/ante-delija\/\">Ante Delija<\/a><\/strong> (26 &#8211; 8) en el <strong>UFC<\/strong> <strong>Belgrado<\/strong>. Este ser\u00e1 el primer evento de <strong><a href=\"\/es\/tag\/ufc\/\">UFC<\/a><\/strong> en Serbia.<\/p>\n\n\n\n<figure class=\"wp-block-image size-large\"><img data-recalc-dims=\"1\" fetchpriority=\"high\" decoding=\"async\" width=\"1024\" height=\"683\" src=\"https:\/\/i0.wp.com\/www.mmaaldia.com\/wp-content\/uploads\/2025\/09\/Ante-Delija-1.webp?resize=1024%2C683&#038;ssl=1\" alt=\"\" class=\"wp-image-43347\" title=\"\" srcset=\"https:\/\/i0.wp.com\/www.mmaaldia.com\/wp-content\/uploads\/2025\/09\/Ante-Delija-1.webp?resize=1024%2C683&amp;ssl=1 1024w, https:\/\/i0.wp.com\/www.mmaaldia.com\/wp-content\/uploads\/2025\/09\/Ante-Delija-1.webp?resize=300%2C200&amp;ssl=1 300w, https:\/\/i0.wp.com\/www.mmaaldia.com\/wp-content\/uploads\/2025\/09\/Ante-Delija-1.webp?resize=768%2C512&amp;ssl=1 768w, https:\/\/i0.wp.com\/www.mmaaldia.com\/wp-content\/uploads\/2025\/09\/Ante-Delija-1.webp?resize=18%2C12&amp;ssl=1 18w, https:\/\/i0.wp.com\/www.mmaaldia.com\/wp-content\/uploads\/2025\/09\/Ante-Delija-1.webp?resize=555%2C370&amp;ssl=1 555w, https:\/\/i0.wp.com\/www.mmaaldia.com\/wp-content\/uploads\/2025\/09\/Ante-Delija-1.webp?w=1200&amp;ssl=1 1200w\" sizes=\"(max-width: 1024px) 100vw, 1024px\" \/><figcaption class=\"wp-element-caption\">Ante Delija. USA TODAY Sports.<\/figcaption><\/figure>\n\n\n\n<p>Walker acumul\u00f3 una tercera derrota en sus \u00faltimos cuatro combates cayendo por una aburrida decisi\u00f3n un\u00e1nime frente a <strong>Dominick Reyes<\/strong> en el <strong>UFC 327.<\/strong> <\/p>\n\n\n\n<p>En la divisi\u00f3n de 205 libras apil\u00f3 un r\u00e9cord de 8 &#8211; 7 &#8211; (1 NC).<\/p>\n\n\n\n<p>Delija, excampe\u00f3n de <strong>PFL<\/strong>, sufri\u00f3 una segunda derrota seguida sobre el oct\u00e1gono cayendo por decisi\u00f3n ante <strong>Sergei Spivac<\/strong> el pasado 21 de febrero. <\/p>\n\n\n\n<p>El UFC Belgrado se celebra el 1 d agosto.<\/p>\n\n\n\n<p><br><a href=\"https:\/\/x.com\/MMAalDia\"><strong>\u00a1Recuerden seguir a MMA al D\u00eda en X!<\/strong><\/a><\/p>","protected":false},"excerpt":{"rendered":"<p>Los d\u00edas de Johnny Walker (22 &#8211; 10 &#8211; 1 NC) en la divisi\u00f3n de 205 libras habr\u00edan llegado a su fin. Seg\u00fan ha podido conocer MMA Mania, el brasile\u00f1o subir\u00e1 a los Pesos Completos para verse las caras con Ante Delija (26 &#8211; 8) en el UFC Belgrado. Este ser\u00e1 el primer evento de [&hellip;]<\/p>\n","protected":false},"author":10,"featured_media":43117,"comment_status":"open","ping_status":"closed","sticky":false,"template":"","format":"standard","meta":{"_jetpack_memberships_contains_paid_content":false,"footnotes":"","jetpack_publicize_message":"","jetpack_publicize_feature_enabled":true,"jetpack_social_post_already_shared":true,"jetpack_social_options":{"image_generator_settings":{"template":"highway","default_image_id":0,"font":"","enabled":false},"version":2}},"categories":[296,299,300,303],"tags":[368,692,332,3306,3313,434,3317],"class_list":["post-48166","post","type-post","status-publish","format-standard","has-post-thumbnail","hentry","category-mma","category-noticias","category-noticias-de-mma","category-ufc","tag-ante-delija","tag-johnny-walker","tag-mma","tag-mma-en-espanol","tag-noticias-ufc","tag-ufc","tag-ufc-belgrado"],"jetpack_publicize_connections":[],"jetpack_featured_media_url":"https:\/\/i0.wp.com\/www.mmaaldia.com\/wp-content\/uploads\/2025\/08\/Johnny-Walker-1.webp?fit=1200%2C800&ssl=1","jetpack_sharing_enabled":true,"_links":{"self":[{"href":"https:\/\/www.mmaaldia.com\/es\/wp-json\/wp\/v2\/posts\/48166","targetHints":{"allow":["GET"]}}],"collection":[{"href":"https:\/\/www.mmaaldia.com\/es\/wp-json\/wp\/v2\/posts"}],"about":[{"href":"https:\/\/www.mmaaldia.com\/es\/wp-json\/wp\/v2\/types\/post"}],"author":[{"embeddable":true,"href":"https:\/\/www.mmaaldia.com\/es\/wp-json\/wp\/v2\/users\/10"}],"replies":[{"embeddable":true,"href":"https:\/\/www.mmaaldia.com\/es\/wp-json\/wp\/v2\/comments?post=48166"}],"version-history":[{"count":1,"href":"https:\/\/www.mmaaldia.com\/es\/wp-json\/wp\/v2\/posts\/48166\/revisions"}],"predecessor-version":[{"id":48167,"href":"https:\/\/www.mmaaldia.com\/es\/wp-json\/wp\/v2\/posts\/48166\/revisions\/48167"}],"wp:featuredmedia":[{"embeddable":true,"href":"https:\/\/www.mmaaldia.com\/es\/wp-json\/wp\/v2\/media\/43117"}],"wp:attachment":[{"href":"https:\/\/www.mmaaldia.com\/es\/wp-json\/wp\/v2\/media?parent=48166"}],"wp:term":[{"taxonomy":"category","embeddable":true,"href":"https:\/\/www.mmaaldia.com\/es\/wp-json\/wp\/v2\/categories?post=48166"},{"taxonomy":"post_tag","embeddable":true,"href":"https:\/\/www.mmaaldia.com\/es\/wp-json\/wp\/v2\/tags?post=48166"}],"curies":[{"name":"wp","href":"https:\/\/api.w.org\/{rel}","templated":true}]}}