{"id":47802,"date":"2026-04-30T12:02:48","date_gmt":"2026-04-30T17:02:48","guid":{"rendered":"https:\/\/www.mmaaldia.com\/?p=47802"},"modified":"2026-04-30T12:02:48","modified_gmt":"2026-04-30T17:02:48","slug":"cartelera-completa-para-el-ufc-perth-de-este-sabado","status":"publish","type":"post","link":"https:\/\/www.mmaaldia.com\/es\/cartelera-completa-para-el-ufc-perth-de-este-sabado\/","title":{"rendered":"Cartelera completa para el UFC Perth de este s\u00e1bado"},"content":{"rendered":"<p>El oct\u00e1gono regresa al otro lado del mundo con una pelea trascendental en la divisi\u00f3n de 170 libras.<\/p>\n\n\n\n<p>En el choque estelar del <strong><a href=\"\/es\/tag\/ufc-perth\/\">UFC Perth<\/a><\/strong>, el excampe\u00f3n <strong><a href=\"\/es\/tag\/jack-della-maddalena\/\">Jack Della Maddalena<\/a><\/strong> recibe al peligroso <strong><a href=\"\/es\/tag\/carlos-prates\/\">Carlos Prates<\/a><\/strong>. El brasile\u00f1o ha ganado seis de las siete peleas que ha disputado en <strong><a href=\"\/es\/tag\/ufc\/\">UFC<\/a><\/strong>, todas por nocaut.<\/p>\n\n\n\n<p>En la coestelar, <strong>Beneil Dariush<\/strong> expone su lugar dentro del top 15 de Peso Liviano frente al local <strong>Quinlan Salkilld<\/strong>.<\/p>\n\n\n\n<p>Main Card<\/p>\n\n\n\n<ul class=\"wp-block-list\">\n<li>Jack Della Maddalena (1) vs. Carlos Prates (5)<\/li>\n\n\n\n<li>Beneil Dariush (12) vs. Quinlan Salkilld<\/li>\n\n\n\n<li><strong>Tim Elliott<\/strong> (11) vs. <strong>Steve Erceg<\/strong> (12)<\/li>\n\n\n\n<li><strong>Shamil Gaziev<\/strong> (15) vs. <strong>Brando Perisic<\/strong><\/li>\n\n\n\n<li><strong>Tai Tuivasa<\/strong> vs. <strong>Louie Sutherland<\/strong><\/li>\n<\/ul>\n\n\n\n<p>Preliminares<\/p>\n\n\n\n<ul class=\"wp-block-list\">\n<li><strong>Cameron Rowston<\/strong> vs. <strong>Robert Bryczek<\/strong><\/li>\n\n\n\n<li><strong>Junior Tafa<\/strong> vs. <strong>Kevin Christian<\/strong><\/li>\n\n\n\n<li><strong>Jacob Malkoun<\/strong> vs. <strong>Gerald<\/strong> <strong>Meerschaert<\/strong><\/li>\n\n\n\n<li><strong>Colby Thicnnesse<\/strong> vs. <strong>Vince Morales<\/strong><\/li>\n\n\n\n<li><strong>Ben Johnston<\/strong> vs. <strong>Wesley Schultz<\/strong><\/li>\n\n\n\n<li><strong>Jonathan Micallef<\/strong> vs. <strong>Themba Gorimbo<\/strong><\/li>\n\n\n\n<li><strong>Dom Mar Fan<\/strong> vs. <strong>Kody Steele<\/strong><\/li>\n<\/ul>\n\n\n\n<p>El UFC Perth se celebra desde la RAC Arena.<\/p>\n\n\n\n<p><br><a href=\"https:\/\/x.com\/MMAalDia\"><strong>\u00a1Recuerden seguir a MMA al D\u00eda en X!<\/strong><\/a><\/p>","protected":false},"excerpt":{"rendered":"<p>El oct\u00e1gono regresa al otro lado del mundo con una pelea trascendental en la divisi\u00f3n de 170 libras. En el choque estelar del UFC Perth, el excampe\u00f3n Jack Della Maddalena recibe al peligroso Carlos Prates. El brasile\u00f1o ha ganado seis de las siete peleas que ha disputado en UFC, todas por nocaut. En la coestelar, [&hellip;]<\/p>\n","protected":false},"author":10,"featured_media":0,"comment_status":"open","ping_status":"closed","sticky":false,"template":"","format":"standard","meta":{"_jetpack_memberships_contains_paid_content":false,"footnotes":"","jetpack_publicize_message":"","jetpack_publicize_feature_enabled":true,"jetpack_social_post_already_shared":false,"jetpack_social_options":{"image_generator_settings":{"template":"highway","default_image_id":0,"font":"","enabled":false},"version":2}},"categories":[296,2580,299,300,303],"tags":[1315,360,3306,3313,3084,3195],"class_list":["post-47802","post","type-post","status-publish","format-standard","hentry","category-mma","category-noticia-destacada","category-noticias","category-noticias-de-mma","category-ufc","tag-cartelera","tag-main-card","tag-mma-en-espanol","tag-noticias-ufc","tag-peleas","tag-ufc-perth"],"jetpack_publicize_connections":[],"jetpack_featured_media_url":"","jetpack_sharing_enabled":true,"_links":{"self":[{"href":"https:\/\/www.mmaaldia.com\/es\/wp-json\/wp\/v2\/posts\/47802","targetHints":{"allow":["GET"]}}],"collection":[{"href":"https:\/\/www.mmaaldia.com\/es\/wp-json\/wp\/v2\/posts"}],"about":[{"href":"https:\/\/www.mmaaldia.com\/es\/wp-json\/wp\/v2\/types\/post"}],"author":[{"embeddable":true,"href":"https:\/\/www.mmaaldia.com\/es\/wp-json\/wp\/v2\/users\/10"}],"replies":[{"embeddable":true,"href":"https:\/\/www.mmaaldia.com\/es\/wp-json\/wp\/v2\/comments?post=47802"}],"version-history":[{"count":2,"href":"https:\/\/www.mmaaldia.com\/es\/wp-json\/wp\/v2\/posts\/47802\/revisions"}],"predecessor-version":[{"id":48110,"href":"https:\/\/www.mmaaldia.com\/es\/wp-json\/wp\/v2\/posts\/47802\/revisions\/48110"}],"wp:attachment":[{"href":"https:\/\/www.mmaaldia.com\/es\/wp-json\/wp\/v2\/media?parent=47802"}],"wp:term":[{"taxonomy":"category","embeddable":true,"href":"https:\/\/www.mmaaldia.com\/es\/wp-json\/wp\/v2\/categories?post=47802"},{"taxonomy":"post_tag","embeddable":true,"href":"https:\/\/www.mmaaldia.com\/es\/wp-json\/wp\/v2\/tags?post=47802"}],"curies":[{"name":"wp","href":"https:\/\/api.w.org\/{rel}","templated":true}]}}