{"id":47669,"date":"2026-04-25T22:47:46","date_gmt":"2026-04-26T03:47:46","guid":{"rendered":"https:\/\/www.mmaaldia.com\/?p=47669"},"modified":"2026-04-25T22:47:50","modified_gmt":"2026-04-26T03:47:50","slug":"adrian-luna-martinetti-pierde-en-ufc-vegas-116","status":"publish","type":"post","link":"https:\/\/www.mmaaldia.com\/es\/adrian-luna-martinetti-pierde-en-ufc-vegas-116\/","title":{"rendered":"Resultados del UFC Vegas 116: Davey Grant arruina el debut del ecuatoriano Adri\u00e1n Luna Martinetti"},"content":{"rendered":"<p>En el <em>Main Card<\/em> del <strong><a href=\"\/es\/tag\/ufc-vegas-116\/\">UFC Vegas 116<\/a><\/strong>, <strong><a href=\"\/es\/tag\/davey-grant\/\">Davey Grant<\/a><\/strong> (16 &#8211; 8) elev\u00f3 su r\u00e9cord a 2 &#8211; 1 frente a peleadores ecuatorianos.<\/p>\n\n\n\n<p>En una de las peleas m\u00e1s electrizantes de la velada, Grant, de 40 a\u00f1os, sum\u00f3 su novena victoria sobre el oct\u00e1gono gracias a una dominante decisi\u00f3n un\u00e1nime sobre <strong><a href=\"\/es\/tag\/adrian-luna-martinetti\/\">Adri\u00e1n Luna Martinetti<\/a><\/strong> (17 &#8211; 2).<\/p>\n\n\n\n<p>Grant, que se ha visto las caras dos veces con Marlon Vera, limit\u00f3 el movilidad de Martinetti a punta de patadas a las piernas que lo hicieron ver m\u00e1s agresivo ante los ojos de los jueces.<\/p>\n\n\n\n<p>Aunque el ecuatoriano sali\u00f3 en\u00fab\u00fasqueda de la finalizaci\u00f3n en el round definitivo, el volumen del brit\u00e1nico en los primeros diez minutos de pela fueron clave para concederle la victoria por un triple 29 &#8211; 28.<\/p>\n\n\n\n<figure class=\"wp-block-embed is-type-rich is-provider-twitter wp-block-embed-twitter\"><div class=\"wp-block-embed__wrapper\">\n<div class=\"embed-twitter\"><blockquote class=\"twitter-tweet\" data-width=\"550\" data-dnt=\"true\"><p lang=\"es\" dir=\"ltr\">Potente derecha del ecuatoriano \ud83c\uddea\ud83c\udde8 que remata con patada a las piernas de Grant \ud83d\udc4a\ud83c\udffb<a href=\"https:\/\/twitter.com\/hashtag\/UFCVegas116?src=hash&amp;ref_src=twsrc%5Etfw\" target=\"_blank\" rel=\"noopener\">#UFCVegas116<\/a> | Ver en vivo por @paramountplusdeportes <a href=\"https:\/\/t.co\/MQt2kSnWc7\">pic.twitter.com\/MQt2kSnWc7<\/a><\/p>&mdash; UFC Espa\u00f1ol (@UFCEspanol) <a href=\"https:\/\/twitter.com\/UFCEspanol\/status\/2048210699323625714?ref_src=twsrc%5Etfw\" target=\"_blank\" rel=\"noopener\">April 26, 2026<\/a><\/blockquote><script async src=\"https:\/\/platform.twitter.com\/widgets.js\" charset=\"utf-8\"><\/script><\/div>\n<\/div><\/figure>\n\n\n\n<p>Grant, bajo contrato con UFC desde 2013, deja su r\u00e9cord dentro de la organizaci\u00f3n en 9 &#8211; 7.<\/p>\n\n\n\n<figure class=\"wp-block-embed is-type-rich is-provider-twitter wp-block-embed-twitter\"><div class=\"wp-block-embed__wrapper\">\n<div class=\"embed-twitter\"><blockquote class=\"twitter-tweet\" data-width=\"550\" data-dnt=\"true\"><p lang=\"es\" dir=\"ltr\">Victoria para Inglaterra \ud83c\udff4\udb40\udc67\udb40\udc62\udb40\udc65\udb40\udc6e\udb40\udc67\udb40\udc7f  Davey Grant gana por decisi\u00f3n un\u00e1nime \ud83d\udea8<a href=\"https:\/\/twitter.com\/hashtag\/UFCVegas116?src=hash&amp;ref_src=twsrc%5Etfw\" target=\"_blank\" rel=\"noopener\">#UFCVegas116<\/a> | Ver en vivo por <a href=\"https:\/\/twitter.com\/PPlusDeportes?ref_src=twsrc%5Etfw\" target=\"_blank\" rel=\"noopener\">@PPlusDeportes<\/a> <a href=\"https:\/\/t.co\/L8GBih4ong\">pic.twitter.com\/L8GBih4ong<\/a><\/p>&mdash; UFC Espa\u00f1ol (@UFCEspanol) <a href=\"https:\/\/twitter.com\/UFCEspanol\/status\/2048214244206793038?ref_src=twsrc%5Etfw\" target=\"_blank\" rel=\"noopener\">April 26, 2026<\/a><\/blockquote><script async src=\"https:\/\/platform.twitter.com\/widgets.js\" charset=\"utf-8\"><\/script><\/div>\n<\/div><\/figure>\n\n\n\n<p>Martinetti, egresado del <strong><em>Dana White&#8217;s Contender Series<\/em><\/strong>, experimenta la segunda derrota de su carrera.<\/p>\n\n\n\n<p>Resultados del UFC Vegas 116<\/p>\n\n\n\n<p>Main Card<\/p>\n\n\n\n<ul class=\"wp-block-list\">\n<li>Davey Grant derrota a Adri\u00e1n Luna Martinetti por decisi\u00f3n un\u00e1nime (29 &#8211; 28 X3)<\/li>\n\n\n\n<li><strong>Raoni Barcelos<\/strong> derrota a <strong>Montel Jackson<\/strong> (14) por decisi\u00f3n dividida (29 &#8211; 28, 28 &#8211; 29, 29 &#8211; 28)<\/li>\n\n\n\n<li><strong><a href=\"https:\/\/www.mmaaldia.com\/es\/spann-noquea-a-almeida-ufc-vegas-116\/\" data-type=\"post\" data-id=\"47666\">Ryan Spann derrota a Marcus Almeida por KO (pu\u00f1os) a los 2:10 del segundo asalto<\/a><\/strong><\/li>\n<\/ul>\n\n\n\n<p>Preliminares<\/p>\n\n\n\n<ul class=\"wp-block-list\">\n<li><strong>Eric McConico<\/strong> derrota a <strong>Rodolfo Vieira<\/strong> por decisi\u00f3n un\u00e1nime (29 &#8211; 28 X3)<\/li>\n\n\n\n<li><strong>Jackson McVey<\/strong> derrota a <strong>Sedriques Dumas<\/strong> por sumisi\u00f3n (Bravo Choke) a los 2:14 del primer asalto<\/li>\n\n\n\n<li><strong>Michelle Montague<\/strong> derrota a <strong>Mayra Bueno Silva<\/strong> (12) por decisi\u00f3n un\u00e1nime (30 &#8211; 27, 29 &#8211; 28 X2)<\/li>\n\n\n\n<li><strong>Cody Durden<\/strong> derrota a <strong>Jafel Filho<\/strong> por decisi\u00f3n un\u00e1nime (30 &#8211; 27 X2, 29 &#8211; 28)<\/li>\n\n\n\n<li><strong>Francis Marshall<\/strong> derrota a <strong>Lucas Brennan<\/strong> por decisi\u00f3n un\u00e1nime (30 &#8211; 27 X3)<\/li>\n\n\n\n<li><strong>Victor Valenzuela<\/strong> derrota a <strong>Max Griffin<\/strong> por decisi\u00f3n un\u00e1nime (29 &#8211; 28 X3)<\/li>\n\n\n\n<li><strong>Talita Alencar<\/strong> derrota a <strong>Julia Polastri<\/strong> por decisi\u00f3n un\u00e1nime (29 &#8211; 28 X3)<\/li>\n<\/ul>\n\n\n\n<p><br><a href=\"https:\/\/x.com\/MMAalDia\"><strong>\u00a1Recuerden seguir a MMA al D\u00eda en X!<\/strong><\/a><\/p>","protected":false},"excerpt":{"rendered":"<p>En el Main Card del UFC Vegas 116, Davey Grant (16 &#8211; 8) elev\u00f3 su r\u00e9cord a 2 &#8211; 1 frente a peleadores ecuatorianos. En una de las peleas m\u00e1s electrizantes de la velada, Grant, de 40 a\u00f1os, sum\u00f3 su novena victoria sobre el oct\u00e1gono gracias a una dominante decisi\u00f3n un\u00e1nime sobre Adri\u00e1n Luna Martinetti [&hellip;]<\/p>\n","protected":false},"author":10,"featured_media":47670,"comment_status":"open","ping_status":"closed","sticky":false,"template":"","format":"standard","meta":{"_jetpack_memberships_contains_paid_content":false,"footnotes":"","jetpack_publicize_message":"","jetpack_publicize_feature_enabled":true,"jetpack_social_post_already_shared":true,"jetpack_social_options":{"image_generator_settings":{"template":"highway","default_image_id":0,"font":"","enabled":false},"version":2}},"categories":[296,2580,299,300,303],"tags":[3315,450,332,434,3296],"class_list":["post-47669","post","type-post","status-publish","format-standard","has-post-thumbnail","hentry","category-mma","category-noticia-destacada","category-noticias","category-noticias-de-mma","category-ufc","tag-adrian-luna-martinetti","tag-davey-grant","tag-mma","tag-ufc","tag-ufc-vegas-116"],"jetpack_publicize_connections":[],"jetpack_featured_media_url":"https:\/\/i0.wp.com\/www.mmaaldia.com\/wp-content\/uploads\/2026\/04\/Adrian-Luna-Martinetti.webp?fit=2048%2C1306&ssl=1","jetpack_sharing_enabled":true,"_links":{"self":[{"href":"https:\/\/www.mmaaldia.com\/es\/wp-json\/wp\/v2\/posts\/47669","targetHints":{"allow":["GET"]}}],"collection":[{"href":"https:\/\/www.mmaaldia.com\/es\/wp-json\/wp\/v2\/posts"}],"about":[{"href":"https:\/\/www.mmaaldia.com\/es\/wp-json\/wp\/v2\/types\/post"}],"author":[{"embeddable":true,"href":"https:\/\/www.mmaaldia.com\/es\/wp-json\/wp\/v2\/users\/10"}],"replies":[{"embeddable":true,"href":"https:\/\/www.mmaaldia.com\/es\/wp-json\/wp\/v2\/comments?post=47669"}],"version-history":[{"count":1,"href":"https:\/\/www.mmaaldia.com\/es\/wp-json\/wp\/v2\/posts\/47669\/revisions"}],"predecessor-version":[{"id":47671,"href":"https:\/\/www.mmaaldia.com\/es\/wp-json\/wp\/v2\/posts\/47669\/revisions\/47671"}],"wp:featuredmedia":[{"embeddable":true,"href":"https:\/\/www.mmaaldia.com\/es\/wp-json\/wp\/v2\/media\/47670"}],"wp:attachment":[{"href":"https:\/\/www.mmaaldia.com\/es\/wp-json\/wp\/v2\/media?parent=47669"}],"wp:term":[{"taxonomy":"category","embeddable":true,"href":"https:\/\/www.mmaaldia.com\/es\/wp-json\/wp\/v2\/categories?post=47669"},{"taxonomy":"post_tag","embeddable":true,"href":"https:\/\/www.mmaaldia.com\/es\/wp-json\/wp\/v2\/tags?post=47669"}],"curies":[{"name":"wp","href":"https:\/\/api.w.org\/{rel}","templated":true}]}}