{"id":47666,"date":"2026-04-25T21:59:01","date_gmt":"2026-04-26T02:59:01","guid":{"rendered":"https:\/\/www.mmaaldia.com\/?p=47666"},"modified":"2026-04-25T21:59:06","modified_gmt":"2026-04-26T02:59:06","slug":"spann-noquea-a-almeida-ufc-vegas-116","status":"publish","type":"post","link":"https:\/\/www.mmaaldia.com\/es\/spann-noquea-a-almeida-ufc-vegas-116\/","title":{"rendered":"Resultados del UFC Vegas 116: Ryan Spann destruye a Marcus Almeida con KO en el segundo asalto"},"content":{"rendered":"<p>Los Pesos Completos pegan diferente en <strong><a href=\"\/es\/tag\/ufc\/\">UFC<\/a><\/strong>. <\/p>\n\n\n\n<p><strong><a href=\"\/es\/tag\/marcus-almeida\/\">Marcus Almeida<\/a><\/strong> (5 &#8211; 3 &#8211; 1), ex <strong>ONE Championship<\/strong>, vio crecer su sequ\u00eda sobre el oct\u00e1gono al caer por nocaut frente a <strong><a href=\"\/es\/tag\/ryan-spann\/\">Ryan Spann<\/a><\/strong> (24 &#8211; 11) en el <em>Main Card<\/em> del <strong><a href=\"\/es\/tag\/ufc-vegas-116\/\">UFC Vegas 116<\/a><\/strong>.<\/p>\n\n\n\n<p>El peligroso cintur\u00f3n negro en BJJ sucumbi\u00f3 en el segundo round frente a un poderoso derechazo de &#8216;Superman&#8217;.<\/p>\n\n\n\n<figure class=\"wp-block-embed is-type-rich is-provider-twitter wp-block-embed-twitter\"><div class=\"wp-block-embed__wrapper\">\n<div class=\"embed-twitter\"><blockquote class=\"twitter-tweet\" data-width=\"550\" data-dnt=\"true\"><p lang=\"es\" dir=\"ltr\">Preparen, apunten y a dormir \ud83d\ude34  EXPLOSIVA victoria de Ryan Spann \u203c\ufe0f<a href=\"https:\/\/twitter.com\/hashtag\/UFCVegas116?src=hash&amp;ref_src=twsrc%5Etfw\" target=\"_blank\" rel=\"noopener\">#UFCVegas116<\/a> | Ver en vivo por <a href=\"https:\/\/twitter.com\/PPlusDeportes?ref_src=twsrc%5Etfw\" target=\"_blank\" rel=\"noopener\">@PPlusDeportes<\/a> <a href=\"https:\/\/t.co\/zcUPhcT92d\">pic.twitter.com\/zcUPhcT92d<\/a><\/p>&mdash; UFC Espa\u00f1ol (@UFCEspanol) <a href=\"https:\/\/twitter.com\/UFCEspanol\/status\/2048197417862922575?ref_src=twsrc%5Etfw\" target=\"_blank\" rel=\"noopener\">April 26, 2026<\/a><\/blockquote><script async src=\"https:\/\/platform.twitter.com\/widgets.js\" charset=\"utf-8\"><\/script><\/div>\n<\/div><\/figure>\n\n\n\n<p>Desde su debut en los Pesos Completos, Spann acumula un r\u00e9cord de 2 &#8211; 1; 10 &#8211; 6 desde que compite en UFC.<\/p>\n\n\n\n<figure class=\"wp-block-embed is-type-rich is-provider-twitter wp-block-embed-twitter\"><div class=\"wp-block-embed__wrapper\">\n<div class=\"embed-twitter\"><blockquote class=\"twitter-tweet\" data-width=\"550\" data-dnt=\"true\"><p lang=\"es\" dir=\"ltr\">Con potente nocaut, <a href=\"https:\/\/twitter.com\/Superman_Spann?ref_src=twsrc%5Etfw\" target=\"_blank\" rel=\"noopener\">@Superman_Spann<\/a> se lleva la victoria en el segundo round y suma su 7a victoria por nocaut \ud83d\uded1<a href=\"https:\/\/twitter.com\/hashtag\/UFCVegas116?src=hash&amp;ref_src=twsrc%5Etfw\" target=\"_blank\" rel=\"noopener\">#UFCVegas116<\/a> | Ver en vivo por <a href=\"https:\/\/twitter.com\/PPlusDeportes?ref_src=twsrc%5Etfw\" target=\"_blank\" rel=\"noopener\">@PPlusDeportes<\/a> <a href=\"https:\/\/t.co\/bbSFaFZPg6\">pic.twitter.com\/bbSFaFZPg6<\/a><\/p>&mdash; UFC Espa\u00f1ol (@UFCEspanol) <a href=\"https:\/\/twitter.com\/UFCEspanol\/status\/2048197748965417017?ref_src=twsrc%5Etfw\" target=\"_blank\" rel=\"noopener\">April 26, 2026<\/a><\/blockquote><script async src=\"https:\/\/platform.twitter.com\/widgets.js\" charset=\"utf-8\"><\/script><\/div>\n<\/div><\/figure>\n\n\n\n<p>Almeida, por su parte, todav\u00eda no sabe lo que es ganar en UFC. &#8216;Buchecha&#8217; ven\u00eda de un empate y una derrota. Nunca antes hab\u00eda sido finalizado.<\/p>\n\n\n\n<p>Resultados del UFC Vegas 116<\/p>\n\n\n\n<p>Main Card<\/p>\n\n\n\n<ul class=\"wp-block-list\">\n<li>Ryan Spann derrota a Marcus Almeida por KO (pu\u00f1os) a los 2:10 del segundo asalto<\/li>\n<\/ul>\n\n\n\n<p>Preliminares<\/p>\n\n\n\n<ul class=\"wp-block-list\">\n<li><strong>Eric McConico<\/strong> derrota a <strong>Rodolfo Vieira<\/strong> por decisi\u00f3n un\u00e1nime (29 &#8211; 28 X3)<\/li>\n\n\n\n<li><strong>Jackson McVey<\/strong> derrota a <strong>Sedriques Dumas<\/strong> por sumisi\u00f3n (Bravo Choke) a los 2:14 del primer asalto<\/li>\n\n\n\n<li><strong>Michelle Montague<\/strong> derrota a <strong>Mayra Bueno Silva<\/strong> (12) por decisi\u00f3n un\u00e1nime (30 &#8211; 27, 29 &#8211; 28 X2)<\/li>\n\n\n\n<li><strong>Cody Durden<\/strong> derrota a <strong>Jafel Filho<\/strong> por decisi\u00f3n un\u00e1nime (30 &#8211; 27 X2, 29 &#8211; 28)<\/li>\n\n\n\n<li><strong>Francis Marshall<\/strong> derrota a <strong>Lucas Brennan<\/strong> por decisi\u00f3n un\u00e1nime (30 &#8211; 27 X3)<\/li>\n\n\n\n<li><strong>Victor Valenzuela<\/strong> derrota a <strong>Max Griffin<\/strong> por decisi\u00f3n un\u00e1nime (29 &#8211; 28 X3)<\/li>\n\n\n\n<li><strong>Talita Alencar<\/strong> derrota a <strong>Julia Polastri<\/strong> por decisi\u00f3n un\u00e1nime (29 &#8211; 28 X3)<\/li>\n<\/ul>\n\n\n\n<p><br><a href=\"https:\/\/x.com\/MMAalDia\"><strong>\u00a1Recuerden seguir a MMA al D\u00eda en X!<\/strong><\/a><\/p>","protected":false},"excerpt":{"rendered":"<p>Los Pesos Completos pegan diferente en UFC. Marcus Almeida (5 &#8211; 3 &#8211; 1), ex ONE Championship, vio crecer su sequ\u00eda sobre el oct\u00e1gono al caer por nocaut frente a Ryan Spann (24 &#8211; 11) en el Main Card del UFC Vegas 116. El peligroso cintur\u00f3n negro en BJJ sucumbi\u00f3 en el segundo round frente [&hellip;]<\/p>\n","protected":false},"author":10,"featured_media":47667,"comment_status":"open","ping_status":"closed","sticky":false,"template":"","format":"standard","meta":{"_jetpack_memberships_contains_paid_content":false,"footnotes":"","jetpack_publicize_message":"","jetpack_publicize_feature_enabled":true,"jetpack_social_post_already_shared":true,"jetpack_social_options":{"image_generator_settings":{"template":"highway","default_image_id":0,"font":"","enabled":false},"version":2}},"categories":[296,2580,299,300],"tags":[1445,381,460,3296],"class_list":["post-47666","post","type-post","status-publish","format-standard","has-post-thumbnail","hentry","category-mma","category-noticia-destacada","category-noticias","category-noticias-de-mma","tag-marcus-almeida","tag-resultados","tag-ryan-spann","tag-ufc-vegas-116"],"jetpack_publicize_connections":[],"jetpack_featured_media_url":"https:\/\/i0.wp.com\/www.mmaaldia.com\/wp-content\/uploads\/2026\/04\/Ryan-Spann.webp?fit=1200%2C800&ssl=1","jetpack_sharing_enabled":true,"_links":{"self":[{"href":"https:\/\/www.mmaaldia.com\/es\/wp-json\/wp\/v2\/posts\/47666","targetHints":{"allow":["GET"]}}],"collection":[{"href":"https:\/\/www.mmaaldia.com\/es\/wp-json\/wp\/v2\/posts"}],"about":[{"href":"https:\/\/www.mmaaldia.com\/es\/wp-json\/wp\/v2\/types\/post"}],"author":[{"embeddable":true,"href":"https:\/\/www.mmaaldia.com\/es\/wp-json\/wp\/v2\/users\/10"}],"replies":[{"embeddable":true,"href":"https:\/\/www.mmaaldia.com\/es\/wp-json\/wp\/v2\/comments?post=47666"}],"version-history":[{"count":1,"href":"https:\/\/www.mmaaldia.com\/es\/wp-json\/wp\/v2\/posts\/47666\/revisions"}],"predecessor-version":[{"id":47668,"href":"https:\/\/www.mmaaldia.com\/es\/wp-json\/wp\/v2\/posts\/47666\/revisions\/47668"}],"wp:featuredmedia":[{"embeddable":true,"href":"https:\/\/www.mmaaldia.com\/es\/wp-json\/wp\/v2\/media\/47667"}],"wp:attachment":[{"href":"https:\/\/www.mmaaldia.com\/es\/wp-json\/wp\/v2\/media?parent=47666"}],"wp:term":[{"taxonomy":"category","embeddable":true,"href":"https:\/\/www.mmaaldia.com\/es\/wp-json\/wp\/v2\/categories?post=47666"},{"taxonomy":"post_tag","embeddable":true,"href":"https:\/\/www.mmaaldia.com\/es\/wp-json\/wp\/v2\/tags?post=47666"}],"curies":[{"name":"wp","href":"https:\/\/api.w.org\/{rel}","templated":true}]}}