{"id":127345,"date":"2026-09-05T18:28:31","date_gmt":"2026-09-05T23:28:31","guid":{"rendered":"https:\/\/www.mmaaldia.com\/?p=127345"},"modified":"2026-09-05T18:28:33","modified_gmt":"2026-09-05T23:28:33","slug":"ufc-paris-salahdine-parnasse-finaliza-a-hooker","status":"publish","type":"post","link":"https:\/\/www.mmaaldia.com\/es\/ufc-paris-salahdine-parnasse-finaliza-a-hooker\/","title":{"rendered":"Resultados del UFC Par\u00eds: Salahdine Parnasse finaliza a Dan Hooker con demoledor TKO en el primer asalto"},"content":{"rendered":"<p class=\"wp-block-paragraph\"><strong><a href=\"\/es\/tag\/dan-hooker\/\">Dan Hooker<\/a><\/strong> (24 &#8211; 15) volvi\u00f3 ser carne de ca\u00f1\u00f3n para un excampe\u00f3n de otra organizaci\u00f3n.<\/p>\n\n\n\n<p class=\"wp-block-paragraph\">El neozeland\u00e9s firm\u00f3 su salida del top 10 del ranking de Peso Mediano al perder por nocaut t\u00e9cnico en el primer asalto frente al debutante <strong><a href=\"\/es\/tag\/salahdine-parnasse\/\">Salahdine Parnasse<\/a><\/strong> (24 &#8211; 2) en la pelea estelar del <strong><a href=\"\/es\/tag\/ufc-par\u00eds\/\">UFC Par\u00eds<\/a><\/strong>. <\/p>\n\n\n\n<p class=\"wp-block-paragraph\">El franc\u00e9s hiri\u00f3 a Hooker con una potente patada a la zona blanda y procedi\u00f3 a dejarlo en jaque con un brutal gancho de izquierda.<\/p>\n\n\n\n<figure class=\"wp-block-embed is-type-rich is-provider-x wp-block-embed-x\"><div class=\"wp-block-embed__wrapper\">\n<div class=\"embed-x\"><blockquote class=\"twitter-tweet\" data-width=\"550\" data-dnt=\"true\"><p lang=\"ca\" dir=\"ltr\">BRUTAL \ud83e\udee8 \u203c\ufe0f VICTORIA PARA FRANCIA \ud83c\uddeb\ud83c\uddf7<br><br>Salahdine Parnasse noquea a Hooker en el primer round \ud83d\udd25<a href=\"https:\/\/x.com\/hashtag\/UFCPar%C3%ADs?src=hash&amp;ref_src=twsrc%5Etfw\">#UFCPar\u00eds<\/a> | Ver en vivo por <a href=\"https:\/\/x.com\/PPlusDeportes?ref_src=twsrc%5Etfw\">@PPlusDeportes<\/a> <a href=\"https:\/\/t.co\/Gmas7Ihdnu\">pic.twitter.com\/Gmas7Ihdnu<\/a><\/p>&mdash; UFC Espa\u00f1ol (@UFCEspanol) <a href=\"https:\/\/x.com\/UFCEspanol\/status\/2096355241054638202?ref_src=twsrc%5Etfw\">September 5, 2026<\/a><\/blockquote><script async src=\"https:\/\/platform.x.com\/widgets.js\" charset=\"utf-8\"><\/script><\/div>\n<\/div><\/figure>\n\n\n\n<p class=\"wp-block-paragraph\">Con este resultado, Parnasse se asegura un lugar dentro del top 15 y llega a las seis victorias seguidas por finalizaci\u00f3n.<\/p>\n\n\n\n<figure class=\"wp-block-embed is-type-rich is-provider-x wp-block-embed-x\"><div class=\"wp-block-embed__wrapper\">\n<div class=\"embed-x\"><blockquote class=\"twitter-tweet\" data-width=\"550\" data-dnt=\"true\"><p lang=\"es\" dir=\"ltr\">Victoria para Francia \ud83c\uddeb\ud83c\uddf7<br><br>Victoria oficial para Salahdine Parnasse por la v\u00eda del nocaut \ud83d\udea8<a href=\"https:\/\/x.com\/hashtag\/UFCPar%C3%ADs?src=hash&amp;ref_src=twsrc%5Etfw\">#UFCPar\u00eds<\/a> | Ver en vivo por <a href=\"https:\/\/x.com\/PPlusDeportes?ref_src=twsrc%5Etfw\">@PPlusDeportes<\/a> <a href=\"https:\/\/t.co\/PQXmdPSnBM\">pic.twitter.com\/PQXmdPSnBM<\/a><\/p>&mdash; UFC Espa\u00f1ol (@UFCEspanol) <a href=\"https:\/\/x.com\/UFCEspanol\/status\/2096355576661823516?ref_src=twsrc%5Etfw\">September 5, 2026<\/a><\/blockquote><script async src=\"https:\/\/platform.x.com\/widgets.js\" charset=\"utf-8\"><\/script><\/div>\n<\/div><\/figure>\n\n\n\n<p class=\"wp-block-paragraph\">Hooker, de 36 a\u00f1os, acumula una tercera derrota en fila. Ven\u00eda de ser finalizado por <strong>Benoit Saint Denis<\/strong> y <strong>Arman Tsarukyan<\/strong>.<\/p>\n\n\n\n<p class=\"wp-block-paragraph\">Resultados del UFC Par\u00eds<\/p>\n\n\n\n<p class=\"wp-block-paragraph\"><em>Main Card<\/em><\/p>\n\n\n\n<ul class=\"wp-block-list\">\n<li>Salahdine Parnasse derrota a Dan Hooker (10) por TKO (patada y pu\u00f1o) a los 2:35 del primer asalto <\/li>\n\n\n\n<li><strong>Axel Sosa<\/strong> derrota a <strong>Far\u00e8s Ziam<\/strong> por KO (pu\u00f1o) al 1:40 del primer asalto<\/li>\n\n\n\n<li><strong><a href=\"https:\/\/www.mmaaldia.com\/es\/ufc-paris-michael-page-gana-por-decision-unanime\/\" data-type=\"post\" data-id=\"127335\">Michael Page derrota a Nursulton Ruziboev (15) por decisi\u00f3n un\u00e1nime (29 &#8211; 28 X3)<\/a><\/strong><\/li>\n\n\n\n<li><strong>Daniil Donchenko<\/strong> derrota a <strong>Punahele Soriano<\/strong> por decisi\u00f3n un\u00e1nime (30 &#8211; 27 X2, 29 &#8211; 28)<\/li>\n\n\n\n<li><strong>Kurtis Campbell<\/strong> derrota a <strong>Trevor Peek<\/strong> por sumisi\u00f3n (matale\u00f3n) a los 3:07 del tercer asalto<\/li>\n\n\n\n<li><strong>Losene Keita<\/strong> derrota a <strong>Muhammad Naimov<\/strong> por KO (pu\u00f1o) a los 2:54 del primer asalto<\/li>\n<\/ul>\n\n\n\n<p class=\"wp-block-paragraph\">Preliminares<\/p>\n\n\n\n<ul class=\"wp-block-list\">\n<li><strong>Felipe Lima<\/strong> derrota a <strong>Morgan Charri\u00e8re<\/strong> por decisi\u00f3n un\u00e1nime (30 &#8211; 27 X2, 29 &#8211; 28)<\/li>\n\n\n\n<li><strong>M\u00e1rio Pinto<\/strong> (12) derrota a <strong>Ryan Spann<\/strong> por TKO (pu\u00f1os) a los 0:55 del segundo asalto<\/li>\n\n\n\n<li><strong>Modestas Bukauskas<\/strong> derrota a <strong>Oumar Sy<\/strong> por TKO (pu\u00f1os y rodillas) a los 3:57 del segundo asalto<\/li>\n\n\n\n<li><strong>Pavel Andrusca<\/strong> derrota a <strong>Nathaniel Wood<\/strong> por decisi\u00f3n un\u00e1nime (30 &#8211; 27 X2, 29 &#8211; 28)<\/li>\n\n\n\n<li><strong>Fabi\u00e0 Sintes<\/strong> derrota a <strong>Michael Aljarouj<\/strong> por decisi\u00f3n un\u00e1nime (29 &#8211; 28 X3)<\/li>\n\n\n\n<li><strong>Nora Cornolle<\/strong> derrota a <strong>Klaudia Sygula<\/strong> por decisi\u00f3n un\u00e1nime (30 &#8211; 27 X3)<\/li>\n\n\n\n<li><strong>Mattieu Letho Duclos <\/strong>derrota a <strong>Luis Felipe Dias<\/strong> por TKO (pu\u00f1os) a los 4:35 del primer asalto<\/li>\n\n\n\n<li><strong>Delphine Benouaich<\/strong> derrota a <strong>Sof\u00eda Montenegro<\/strong> por sumisi\u00f3n t\u00e9cnica (matale\u00f3n) a los 4:22 del segundo asalto<\/li>\n<\/ul>","protected":false},"excerpt":{"rendered":"<p>Dan Hooker (24 &#8211; 15) volvi\u00f3 ser carne de ca\u00f1\u00f3n para un excampe\u00f3n de otra organizaci\u00f3n. El neozeland\u00e9s firm\u00f3 su salida del top 10 del ranking de Peso Mediano al perder por nocaut t\u00e9cnico en el primer asalto frente al debutante Salahdine Parnasse (24 &#8211; 2) en la pelea estelar del UFC Par\u00eds. El franc\u00e9s [&hellip;]<\/p>\n","protected":false},"author":10,"featured_media":127346,"comment_status":"open","ping_status":"closed","sticky":false,"template":"","format":"standard","meta":{"_jetpack_newsletter_access":"","_jetpack_dont_email_post_to_subs":false,"_jetpack_newsletter_tier_id":0,"_jetpack_memberships_contains_paywalled_content":false,"_jetpack_feature_clip_id":0,"_jetpack_memberships_contains_paid_content":false,"footnotes":"","jetpack_publicize_message":"","jetpack_publicize_feature_enabled":true,"jetpack_social_post_already_shared":true,"jetpack_social_options":{"image_generator_settings":{"template":"highway","default_image_id":0,"font":"","enabled":false},"version":2},"jetpack_post_was_ever_published":false},"categories":[296,2580,299,300,303],"tags":[1095,332,3306,381,2762,434,1578],"class_list":["post-127345","post","type-post","status-publish","format-standard","has-post-thumbnail","hentry","category-mma","category-noticia-destacada","category-noticias","category-noticias-de-mma","category-ufc","tag-dan-hooker","tag-mma","tag-mma-en-espanol","tag-resultados","tag-salahdine-parnasse","tag-ufc","tag-ufc-paris"],"jetpack_publicize_connections":[],"jetpack_sharing_enabled":true,"jetpack_featured_media_url":"https:\/\/i0.wp.com\/www.mmaaldia.com\/wp-content\/uploads\/2026\/09\/Salahdine-Parnasse-1.webp?fit=1440%2C969&ssl=1","_links":{"self":[{"href":"https:\/\/www.mmaaldia.com\/es\/wp-json\/wp\/v2\/posts\/127345","targetHints":{"allow":["GET"]}}],"collection":[{"href":"https:\/\/www.mmaaldia.com\/es\/wp-json\/wp\/v2\/posts"}],"about":[{"href":"https:\/\/www.mmaaldia.com\/es\/wp-json\/wp\/v2\/types\/post"}],"author":[{"embeddable":true,"href":"https:\/\/www.mmaaldia.com\/es\/wp-json\/wp\/v2\/users\/10"}],"replies":[{"embeddable":true,"href":"https:\/\/www.mmaaldia.com\/es\/wp-json\/wp\/v2\/comments?post=127345"}],"version-history":[{"count":2,"href":"https:\/\/www.mmaaldia.com\/es\/wp-json\/wp\/v2\/posts\/127345\/revisions"}],"predecessor-version":[{"id":127440,"href":"https:\/\/www.mmaaldia.com\/es\/wp-json\/wp\/v2\/posts\/127345\/revisions\/127440"}],"wp:featuredmedia":[{"embeddable":true,"href":"https:\/\/www.mmaaldia.com\/es\/wp-json\/wp\/v2\/media\/127346"}],"wp:attachment":[{"href":"https:\/\/www.mmaaldia.com\/es\/wp-json\/wp\/v2\/media?parent=127345"}],"wp:term":[{"taxonomy":"category","embeddable":true,"href":"https:\/\/www.mmaaldia.com\/es\/wp-json\/wp\/v2\/categories?post=127345"},{"taxonomy":"post_tag","embeddable":true,"href":"https:\/\/www.mmaaldia.com\/es\/wp-json\/wp\/v2\/tags?post=127345"}],"curies":[{"name":"wp","href":"https:\/\/api.w.org\/{rel}","templated":true}]}}