{"id":122903,"date":"2026-09-03T11:01:45","date_gmt":"2026-09-03T16:01:45","guid":{"rendered":"https:\/\/www.mmaaldia.com\/?p=122903"},"modified":"2026-09-03T11:01:48","modified_gmt":"2026-09-03T16:01:48","slug":"marlon-vera-cambia-de-entrenador-antes-de-ufc-331","status":"publish","type":"post","link":"https:\/\/www.mmaaldia.com\/es\/marlon-vera-cambia-de-entrenador-antes-de-ufc-331\/","title":{"rendered":"Marlon Vera cambia de entrenador antes del UFC 331"},"content":{"rendered":"<p class=\"wp-block-paragraph\"><strong><a href=\"\/es\/tag\/marlon-vera\/\">Marlon Vera<\/a><\/strong> ha tomado una decisi\u00f3n radical de cara a la que podr\u00eda ser su \u00faltima pelea en <strong><a href=\"\/es\/tag\/ufc\/\">UFC<\/a><\/strong>.<\/p>\n\n\n\n<p class=\"wp-block-paragraph\">El ecuatoriano, fuera del top 15 en el nuevo ranking Meta de UFC, vuelve al oct\u00e1gono para pelear con <strong>Charles Jourdain<\/strong>, pero lo har\u00e1 sin <strong>Jason Parillo<\/strong>, su <em>head coach<\/em> de estos \u00faltimos a\u00f1os.<\/p>\n\n\n\n<p class=\"wp-block-paragraph\">&#8220;<strong>Despu\u00e9s de mi pelea en M\u00e9xico, regres\u00e9 a entrenar e intent\u00e9 descifrar que era lo que no me estaba dejando ganar estas decisiones cerradas<\/strong>&#8220;, revel\u00f3 en entrevista con <strong><a href=\"https:\/\/sports.yahoo.com\/mma\/\" target=\"_blank\" rel=\"noopener\">Yahoo! Sports<\/a><\/strong>. &#8220;<strong>Fue una decisi\u00f3n dif\u00edcil porque no ten\u00edamos problemas. No pas\u00f3 nada malo. Me estaba preguntando a m\u00ed mismo qu\u00e9 pod\u00eda hacer de ahora en adelante para poner fin a esta mala racha y regresar a la columna de la victoria. No quiero llegar al final de mi carrera y luego preguntarme a m\u00ed mismo: &#8216;\u00bfqu\u00e9 hubiese pasado si hubiese hecho un cambio<\/strong>?'&#8221;<\/p>\n\n\n\n<figure class=\"wp-block-image size-large\"><img data-recalc-dims=\"1\" fetchpriority=\"high\" decoding=\"async\" width=\"1024\" height=\"683\" src=\"https:\/\/i0.wp.com\/www.mmaaldia.com\/wp-content\/uploads\/2026\/02\/David-Martinez.webp?resize=1024%2C683&#038;ssl=1\" alt=\"\" class=\"wp-image-45630\" title=\"\" srcset=\"https:\/\/i0.wp.com\/www.mmaaldia.com\/wp-content\/uploads\/2026\/02\/David-Martinez.webp?resize=1024%2C683&amp;ssl=1 1024w, https:\/\/i0.wp.com\/www.mmaaldia.com\/wp-content\/uploads\/2026\/02\/David-Martinez.webp?resize=300%2C200&amp;ssl=1 300w, https:\/\/i0.wp.com\/www.mmaaldia.com\/wp-content\/uploads\/2026\/02\/David-Martinez.webp?resize=768%2C512&amp;ssl=1 768w, https:\/\/i0.wp.com\/www.mmaaldia.com\/wp-content\/uploads\/2026\/02\/David-Martinez.webp?resize=18%2C12&amp;ssl=1 18w, https:\/\/i0.wp.com\/www.mmaaldia.com\/wp-content\/uploads\/2026\/02\/David-Martinez.webp?resize=555%2C370&amp;ssl=1 555w, https:\/\/i0.wp.com\/www.mmaaldia.com\/wp-content\/uploads\/2026\/02\/David-Martinez.webp?w=1440&amp;ssl=1 1440w\" sizes=\"(max-width: 1024px) 100vw, 1024px\" \/><figcaption class=\"wp-element-caption\">David Mart\u00ednez golpeando a Marlon Vera en el UFC Ciudad de M\u00e9xico. Zuffa, LLC.<\/figcaption><\/figure>\n\n\n\n<p class=\"wp-block-paragraph\">Vera, de 33 a\u00f1os, acumul\u00f3 una cuarta derrota al hilo tras perder por decisi\u00f3n un\u00e1nime frente a <strong>David Mart\u00ednez<\/strong> en Ciudad de M\u00e9xico.<\/p>\n\n\n\n<p class=\"wp-block-paragraph\">&#8216;Chito&#8217;, 0 &#8211; 4 en sus \u00faltimos cuatro combates, no gana desde agosto de 2023. <\/p>\n\n\n\n<p class=\"wp-block-paragraph\">El UFC 331 se celebra el 19 de septiembre. <\/p>","protected":false},"excerpt":{"rendered":"<p>Marlon Vera ha tomado una decisi\u00f3n radical de cara a la que podr\u00eda ser su \u00faltima pelea en UFC. El ecuatoriano, fuera del top 15 en el nuevo ranking Meta de UFC, vuelve al oct\u00e1gono para pelear con Charles Jourdain, pero lo har\u00e1 sin Jason Parillo, su head coach de estos \u00faltimos a\u00f1os. &#8220;Despu\u00e9s de [&hellip;]<\/p>\n","protected":false},"author":10,"featured_media":34128,"comment_status":"open","ping_status":"closed","sticky":false,"template":"","format":"standard","meta":{"_jetpack_newsletter_access":"","_jetpack_dont_email_post_to_subs":false,"_jetpack_newsletter_tier_id":0,"_jetpack_memberships_contains_paywalled_content":false,"_jetpack_feature_clip_id":0,"_jetpack_memberships_contains_paid_content":false,"footnotes":"","jetpack_publicize_message":"","jetpack_publicize_feature_enabled":true,"jetpack_social_post_already_shared":true,"jetpack_social_options":{"image_generator_settings":{"template":"highway","default_image_id":0,"font":"","enabled":false},"version":2},"jetpack_post_was_ever_published":false},"categories":[296,2580,299,300,303],"tags":[2602,524,434,3340],"class_list":["post-122903","post","type-post","status-publish","format-standard","has-post-thumbnail","hentry","category-mma","category-noticia-destacada","category-noticias","category-noticias-de-mma","category-ufc","tag-jason-parillo","tag-marlon-vera","tag-ufc","tag-ufc-331"],"jetpack_publicize_connections":[],"jetpack_sharing_enabled":true,"jetpack_featured_media_url":"https:\/\/i0.wp.com\/www.mmaaldia.com\/wp-content\/uploads\/2024\/08\/Marlon-Vera-1.webp?fit=1820%2C1213&ssl=1","_links":{"self":[{"href":"https:\/\/www.mmaaldia.com\/es\/wp-json\/wp\/v2\/posts\/122903","targetHints":{"allow":["GET"]}}],"collection":[{"href":"https:\/\/www.mmaaldia.com\/es\/wp-json\/wp\/v2\/posts"}],"about":[{"href":"https:\/\/www.mmaaldia.com\/es\/wp-json\/wp\/v2\/types\/post"}],"author":[{"embeddable":true,"href":"https:\/\/www.mmaaldia.com\/es\/wp-json\/wp\/v2\/users\/10"}],"replies":[{"embeddable":true,"href":"https:\/\/www.mmaaldia.com\/es\/wp-json\/wp\/v2\/comments?post=122903"}],"version-history":[{"count":1,"href":"https:\/\/www.mmaaldia.com\/es\/wp-json\/wp\/v2\/posts\/122903\/revisions"}],"predecessor-version":[{"id":122921,"href":"https:\/\/www.mmaaldia.com\/es\/wp-json\/wp\/v2\/posts\/122903\/revisions\/122921"}],"wp:featuredmedia":[{"embeddable":true,"href":"https:\/\/www.mmaaldia.com\/es\/wp-json\/wp\/v2\/media\/34128"}],"wp:attachment":[{"href":"https:\/\/www.mmaaldia.com\/es\/wp-json\/wp\/v2\/media?parent=122903"}],"wp:term":[{"taxonomy":"category","embeddable":true,"href":"https:\/\/www.mmaaldia.com\/es\/wp-json\/wp\/v2\/categories?post=122903"},{"taxonomy":"post_tag","embeddable":true,"href":"https:\/\/www.mmaaldia.com\/es\/wp-json\/wp\/v2\/tags?post=122903"}],"curies":[{"name":"wp","href":"https:\/\/api.w.org\/{rel}","templated":true}]}}