{"id":121767,"date":"2026-09-03T01:30:21","date_gmt":"2026-09-03T06:30:21","guid":{"rendered":"https:\/\/www.mmaaldia.com\/?p=121767"},"modified":"2026-09-03T01:30:24","modified_gmt":"2026-09-03T06:30:24","slug":"justin-gaehtje-prefiere-pelea-con-mcgregor","status":"publish","type":"post","link":"https:\/\/www.mmaaldia.com\/es\/justin-gaehtje-prefiere-pelea-con-mcgregor\/","title":{"rendered":"Justin Gaethje prefiere pelea con Conor McGregor"},"content":{"rendered":"<p class=\"wp-block-paragraph\">Si de <strong><a href=\"\/es\/tag\/justin-gaethje\/\">Justin Gaethje<\/a><\/strong> dependiera, <strong><a href=\"\/es\/tag\/conor-mcgregor\/\">Conor McGregor<\/a><\/strong> ser\u00eda el pr\u00f3ximo retador al cintur\u00f3n de 155 libras.<\/p>\n\n\n\n<p class=\"wp-block-paragraph\">A la espera de definir la que ser\u00eda su primera defensa titular, el flamante campe\u00f3n detall\u00f3 porqu\u00e9, para \u00e9l, una pelea frente a McGregor hace sentido.<\/p>\n\n\n\n<p class=\"wp-block-paragraph\">&#8220;<strong>Arman (Tsarukyan) iba a pelear con (Charles) Oliveira, pero ahora va a pelear con alguien m\u00e1s. As\u00ed que hay un par de peleas grandes que determinar\u00e1n contra quien voy a pelear<\/strong>&#8220;, expres\u00f3 (v\u00eda <strong><a href=\"https:\/\/www.mmamania.com\/ufc-news\/469156\/mma-math-justin-gaethje-avenged-losses-holloway-oliveira-smashing-ilia-topuria-sets-sights-conor-mcgregor\" target=\"_blank\" rel=\"noopener\">MMA Mania<\/a><\/strong>). &#8220;<strong>Hubiese sido Oliveira o (Max) Holloway, pero como (Ilia) Topuria les gan\u00f3, voy a decir que vengu\u00e9 esas derrotas. As\u00ed que supongo que McGregor. Ser\u00eda divertido cerrarle la boca<\/strong>&#8220;.<\/p>\n\n\n\n<figure class=\"wp-block-image size-large\"><img data-recalc-dims=\"1\" fetchpriority=\"high\" decoding=\"async\" width=\"1024\" height=\"680\" src=\"https:\/\/i0.wp.com\/www.mmaaldia.com\/wp-content\/uploads\/2026\/07\/Conor-McGregor-8.webp?resize=1024%2C680&#038;ssl=1\" alt=\"\" class=\"wp-image-69998\" title=\"\" srcset=\"https:\/\/i0.wp.com\/www.mmaaldia.com\/wp-content\/uploads\/2026\/07\/Conor-McGregor-8.webp?resize=1024%2C680&amp;ssl=1 1024w, https:\/\/i0.wp.com\/www.mmaaldia.com\/wp-content\/uploads\/2026\/07\/Conor-McGregor-8.webp?resize=300%2C199&amp;ssl=1 300w, https:\/\/i0.wp.com\/www.mmaaldia.com\/wp-content\/uploads\/2026\/07\/Conor-McGregor-8.webp?resize=768%2C510&amp;ssl=1 768w, https:\/\/i0.wp.com\/www.mmaaldia.com\/wp-content\/uploads\/2026\/07\/Conor-McGregor-8.webp?resize=18%2C12&amp;ssl=1 18w, https:\/\/i0.wp.com\/www.mmaaldia.com\/wp-content\/uploads\/2026\/07\/Conor-McGregor-8.webp?resize=555%2C370&amp;ssl=1 555w, https:\/\/i0.wp.com\/www.mmaaldia.com\/wp-content\/uploads\/2026\/07\/Conor-McGregor-8.webp?w=1440&amp;ssl=1 1440w\" sizes=\"(max-width: 1024px) 100vw, 1024px\" \/><figcaption class=\"wp-element-caption\">Conor McGregor en el UFC 329. Getty Images. <\/figcaption><\/figure>\n\n\n\n<p class=\"wp-block-paragraph\">El problema con regalarle una oportunidad titular a McGregor es que el peleador viene de un desastroso regreso a las MMA que acab\u00f3 en una derrota por TKO a los 69 segundos de iniciada su pelea con <strong>Max Holloway<\/strong> en el <strong>UFC 329<\/strong>.<\/p>\n\n\n\n<p class=\"wp-block-paragraph\">Por ahora, si algo es seguro, es que Gaethje no planea concederle una revancha inmediata a <strong>Ilia Topuria<\/strong>, a quien derrot\u00f3 para capturar el t\u00edtulo de la divisi\u00f3n. <\/p>","protected":false},"excerpt":{"rendered":"<p>Si de Justin Gaethje dependiera, Conor McGregor ser\u00eda el pr\u00f3ximo retador al cintur\u00f3n de 155 libras. A la espera de definir la que ser\u00eda su primera defensa titular, el flamante campe\u00f3n detall\u00f3 porqu\u00e9, para \u00e9l, una pelea frente a McGregor hace sentido. &#8220;Arman (Tsarukyan) iba a pelear con (Charles) Oliveira, pero ahora va a pelear [&hellip;]<\/p>\n","protected":false},"author":10,"featured_media":63155,"comment_status":"open","ping_status":"closed","sticky":false,"template":"","format":"standard","meta":{"_jetpack_newsletter_access":"","_jetpack_dont_email_post_to_subs":false,"_jetpack_newsletter_tier_id":0,"_jetpack_memberships_contains_paywalled_content":false,"_jetpack_feature_clip_id":0,"_jetpack_memberships_contains_paid_content":false,"footnotes":"","jetpack_publicize_message":"","jetpack_publicize_feature_enabled":true,"jetpack_social_post_already_shared":true,"jetpack_social_options":{"image_generator_settings":{"template":"highway","default_image_id":0,"font":"","enabled":false},"version":2},"jetpack_post_was_ever_published":false},"categories":[296,2580,299,300,303],"tags":[],"class_list":["post-121767","post","type-post","status-publish","format-standard","has-post-thumbnail","hentry","category-mma","category-noticia-destacada","category-noticias","category-noticias-de-mma","category-ufc"],"jetpack_publicize_connections":[],"jetpack_sharing_enabled":true,"jetpack_featured_media_url":"https:\/\/i0.wp.com\/www.mmaaldia.com\/wp-content\/uploads\/2026\/06\/Justin-Gaethje-2.webp?fit=1440%2C969&ssl=1","_links":{"self":[{"href":"https:\/\/www.mmaaldia.com\/es\/wp-json\/wp\/v2\/posts\/121767","targetHints":{"allow":["GET"]}}],"collection":[{"href":"https:\/\/www.mmaaldia.com\/es\/wp-json\/wp\/v2\/posts"}],"about":[{"href":"https:\/\/www.mmaaldia.com\/es\/wp-json\/wp\/v2\/types\/post"}],"author":[{"embeddable":true,"href":"https:\/\/www.mmaaldia.com\/es\/wp-json\/wp\/v2\/users\/10"}],"replies":[{"embeddable":true,"href":"https:\/\/www.mmaaldia.com\/es\/wp-json\/wp\/v2\/comments?post=121767"}],"version-history":[{"count":1,"href":"https:\/\/www.mmaaldia.com\/es\/wp-json\/wp\/v2\/posts\/121767\/revisions"}],"predecessor-version":[{"id":121911,"href":"https:\/\/www.mmaaldia.com\/es\/wp-json\/wp\/v2\/posts\/121767\/revisions\/121911"}],"wp:featuredmedia":[{"embeddable":true,"href":"https:\/\/www.mmaaldia.com\/es\/wp-json\/wp\/v2\/media\/63155"}],"wp:attachment":[{"href":"https:\/\/www.mmaaldia.com\/es\/wp-json\/wp\/v2\/media?parent=121767"}],"wp:term":[{"taxonomy":"category","embeddable":true,"href":"https:\/\/www.mmaaldia.com\/es\/wp-json\/wp\/v2\/categories?post=121767"},{"taxonomy":"post_tag","embeddable":true,"href":"https:\/\/www.mmaaldia.com\/es\/wp-json\/wp\/v2\/tags?post=121767"}],"curies":[{"name":"wp","href":"https:\/\/api.w.org\/{rel}","templated":true}]}}