{"id":115970,"date":"2026-09-01T01:42:13","date_gmt":"2026-09-01T06:42:13","guid":{"rendered":"https:\/\/www.mmaaldia.com\/?p=115970"},"modified":"2026-09-01T01:42:16","modified_gmt":"2026-09-01T06:42:16","slug":"cartelera-completa-para-el-ufc-paris-2","status":"publish","type":"post","link":"https:\/\/www.mmaaldia.com\/es\/cartelera-completa-para-el-ufc-paris-2\/","title":{"rendered":"Cartelera completa para el UFC Par\u00eds de este s\u00e1bado"},"content":{"rendered":"<p class=\"wp-block-paragraph\"><strong>Salahdine Parnasse<\/strong> debuta este fin de semana sobre el oct\u00e1gono.<\/p>\n\n\n\n<p class=\"wp-block-paragraph\">En lo que ser\u00e1 el compromiso estelar del <strong><a href=\"\/es\/tag\/ufc-par\u00eds\/\">UFC Par\u00eds<\/a><\/strong>, el excampe\u00f3n doble de <strong>KSW<\/strong> har\u00e1 de local para recibir al n\u00famero diez del ranking de 155 libras, <strong><a href=\"\/es\/tag\/dan-hooker\/\">Dan Hooker<\/a><\/strong>.<\/p>\n\n\n\n<p class=\"wp-block-paragraph\">Parnasse ostenta un r\u00e9cord profesional de 23 &#8211; 2 y atraviesa una racha de cinco victorias seguidas, todas por nocaut.<\/p>\n\n\n\n<p class=\"wp-block-paragraph\">Hooker, en cambio, viene de derrotas por finalizaci\u00f3n frente a <strong>Benoit Saint Denis<\/strong> y <strong>Arman Tsarukyan<\/strong>. <\/p>\n\n\n\n<p class=\"wp-block-paragraph\"><em>Main Card<\/em><\/p>\n\n\n\n<ul class=\"wp-block-list\">\n<li>Dan Hooker (10) vs. Salahdine Parnasse<\/li>\n\n\n\n<li><strong>Far\u00e8s Ziam<\/strong> vs. <strong>Axel Sosa<\/strong><\/li>\n\n\n\n<li><strong>Michael Page <\/strong>(8) vs. <strong>Nursulton Ruziboev<\/strong> (15)<\/li>\n\n\n\n<li><strong>Daniil Donchenko<\/strong> vs. <strong>Punahele Soriano<\/strong><\/li>\n\n\n\n<li><strong>Morgan Charri\u00e8re<\/strong> vs. <strong>Felipe Lima<\/strong><\/li>\n<\/ul>\n\n\n\n<p class=\"wp-block-paragraph\">Preliminares<\/p>\n\n\n\n<ul class=\"wp-block-list\">\n<li><strong>Losene Keita<\/strong> vs. <strong>Muhammad Naimov<\/strong><\/li>\n\n\n\n<li><strong>Mario Pinto<\/strong> (12) vs. <strong>Ryan Spann<\/strong> (15)<\/li>\n\n\n\n<li><strong>Kurtis Campbell<\/strong> vs. <strong>Trevor Peek<\/strong><\/li>\n\n\n\n<li><strong>Oumar Sy<\/strong> vs. <strong>Modestas Bukauskas<\/strong><\/li>\n\n\n\n<li><strong>Michael Aljarouj<\/strong> vs. <strong>Fabi\u00e0 Sintes<\/strong><\/li>\n\n\n\n<li><strong>Nora Cornolle<\/strong> (13) vs. <strong>Klaudia Sygula<\/strong><\/li>\n\n\n\n<li><strong>Matthieu Letho Duclos <\/strong>vs. <strong>Luis Felipe Dias<\/strong><\/li>\n\n\n\n<li><strong>Delphine Benouaich<\/strong> vs. <strong>Sof\u00eda Montenegro<\/strong><\/li>\n<\/ul>\n\n\n\n<p class=\"wp-block-paragraph\">El UFC Par\u00eds se celebra desde la Accor Arena. <\/p>","protected":false},"excerpt":{"rendered":"<p>Salahdine Parnasse debuta este fin de semana sobre el oct\u00e1gono. En lo que ser\u00e1 el compromiso estelar del UFC Par\u00eds, el excampe\u00f3n doble de KSW har\u00e1 de local para recibir al n\u00famero diez del ranking de 155 libras, Dan Hooker. Parnasse ostenta un r\u00e9cord profesional de 23 &#8211; 2 y atraviesa una racha de cinco [&hellip;]<\/p>\n","protected":false},"author":10,"featured_media":115971,"comment_status":"open","ping_status":"closed","sticky":false,"template":"","format":"standard","meta":{"_jetpack_newsletter_access":"","_jetpack_dont_email_post_to_subs":false,"_jetpack_newsletter_tier_id":0,"_jetpack_memberships_contains_paywalled_content":false,"_jetpack_feature_clip_id":0,"_jetpack_memberships_contains_paid_content":false,"footnotes":"","jetpack_publicize_message":"","jetpack_publicize_feature_enabled":true,"jetpack_social_post_already_shared":true,"jetpack_social_options":{"image_generator_settings":{"template":"highway","default_image_id":0,"font":"","enabled":false},"version":2},"jetpack_post_was_ever_published":false},"categories":[296,2580,299,300,303],"tags":[1315,360,332,3306,3313,3084,434,1578],"class_list":["post-115970","post","type-post","status-publish","format-standard","has-post-thumbnail","hentry","category-mma","category-noticia-destacada","category-noticias","category-noticias-de-mma","category-ufc","tag-cartelera","tag-main-card","tag-mma","tag-mma-en-espanol","tag-noticias-ufc","tag-peleas","tag-ufc","tag-ufc-paris"],"jetpack_publicize_connections":[],"jetpack_sharing_enabled":true,"jetpack_featured_media_url":"https:\/\/www.mmaaldia.com\/wp-content\/uploads\/2026\/08\/UFC-Paris.avif","_links":{"self":[{"href":"https:\/\/www.mmaaldia.com\/es\/wp-json\/wp\/v2\/posts\/115970","targetHints":{"allow":["GET"]}}],"collection":[{"href":"https:\/\/www.mmaaldia.com\/es\/wp-json\/wp\/v2\/posts"}],"about":[{"href":"https:\/\/www.mmaaldia.com\/es\/wp-json\/wp\/v2\/types\/post"}],"author":[{"embeddable":true,"href":"https:\/\/www.mmaaldia.com\/es\/wp-json\/wp\/v2\/users\/10"}],"replies":[{"embeddable":true,"href":"https:\/\/www.mmaaldia.com\/es\/wp-json\/wp\/v2\/comments?post=115970"}],"version-history":[{"count":2,"href":"https:\/\/www.mmaaldia.com\/es\/wp-json\/wp\/v2\/posts\/115970\/revisions"}],"predecessor-version":[{"id":118545,"href":"https:\/\/www.mmaaldia.com\/es\/wp-json\/wp\/v2\/posts\/115970\/revisions\/118545"}],"wp:featuredmedia":[{"embeddable":true,"href":"https:\/\/www.mmaaldia.com\/es\/wp-json\/wp\/v2\/media\/115971"}],"wp:attachment":[{"href":"https:\/\/www.mmaaldia.com\/es\/wp-json\/wp\/v2\/media?parent=115970"}],"wp:term":[{"taxonomy":"category","embeddable":true,"href":"https:\/\/www.mmaaldia.com\/es\/wp-json\/wp\/v2\/categories?post=115970"},{"taxonomy":"post_tag","embeddable":true,"href":"https:\/\/www.mmaaldia.com\/es\/wp-json\/wp\/v2\/tags?post=115970"}],"curies":[{"name":"wp","href":"https:\/\/api.w.org\/{rel}","templated":true}]}}